{"id":385,"date":"2013-06-18T08:00:00","date_gmt":"2013-06-18T06:00:00","guid":{"rendered":"https:\/\/zanshin.es\/?p=32"},"modified":"2020-12-27T20:20:43","modified_gmt":"2020-12-27T19:20:43","slug":"pasrecrumfut","status":"publish","type":"post","link":"https:\/\/zanshin.es\/?p=385","title":{"rendered":"Pasado reciente rumbo futuro"},"content":{"rendered":"<p>&nbsp;<\/p>\n<p>Por <strong>Juan Antonio Quir\u00f3s Mart\u00ednez<\/strong><\/p>\n<h1 style=\"text-align: center;\"><strong>PASADO RECIENTE RUMBO FUTURO<br \/>\n<\/strong><\/h1>\n<p style=\"text-align: justify;\"><span style=\"font-family: arial,helvetica,sans-serif; font-size: 14pt;\"><span style=\"font-size: 12pt; line-height: 15pt;\">Tras las vacaciones y los d\u00edas de m\u00e1xima temperatura que trajeron los meses de Julio y Agosto, van llegando las tostadas carnes, que tan gozosamente se asaron y sufrieron con gusto los rigores del calor, a tomar la actividad, temporalmene olvidada.<\/span><\/span><\/p>\n<p style=\"text-align: justify;\"><!--more--><\/p>\n<p style=\"text-align: justify;\">\u00a0<\/p>\n<p><span style=\"font-family: arial,helvetica,sans-serif; font-size: 14pt;\"><span style=\"font-size: 12pt; line-height: 15pt;\"><img decoding=\"async\" style=\"float: left;\" alt=\"\" src=\"http:\/\/personales.ya.com\/eldavo\/zanshin\/revista\/fzan50.jpg\" \/> Atr\u00e1s quedan recuerdos de hechos, palabras, deseos&#8230;, en definitiva, de im\u00e1genes que a buen seguro tardar\u00e1n en desaparecer de nuestra memoria: \u00abEsa persona que se conoci\u00f3 en la playa, en la monta\u00f1a, o en la escapada que hiciste aquel d\u00eda de tu lugar habitual de residencia. Esa persona que nos cautiv\u00f3 con su sonrisa, con su mirada; o aquella otra de la que nos atrajo un no s\u00e9 qu\u00e9. Donde los dos con cierta ingenuidad, trat\u00e1bamos de hacer coincidir nuestras miradas buscando entre medias de los cuerpos que por all\u00ed pululaban\u00bb.<\/span><\/span><\/p>\n<p>&nbsp;<\/p>\n<p><span style=\"font-family: arial,helvetica,sans-serif; font-size: 14pt;\"><span style=\"font-size: 12pt; line-height: 15pt;\">Seguramente, cierta nostalgia nos embargar\u00e1 a la vuelta de las vacaciones. Cierto sentimiento de que algo acab\u00f3, y es que Naturaleza cambia y tales variaciones irremisiblemente nos afectan. La Maravilla opera y nosotros, conscientes o no, somos arrastrados. El verano nos trae el calor a la piel, y quiz\u00e1s tambi\u00e9n al coraz\u00f3n. Sin saber por qu\u00e9, su hechizo nos embriaga. Es tanto el esplendor de la Naturaleza, tal el torrente de luz que nos llega del sol, que parece imprimirnos la necesidad de divertirnos, de viajar, de amar, y tambien de la aventura.<\/span><\/span><\/p>\n<p>&nbsp;<\/p>\n<p><span style=\"font-family: arial,helvetica,sans-serif; font-size: 14pt;\"><span style=\"font-size: 12pt; line-height: 15pt;\"><img decoding=\"async\" style=\"float: right;\" alt=\"\" src=\"http:\/\/personales.ya.com\/eldavo\/zanshin\/revista\/fzan51.jpg\" \/> Despu\u00e9s de la \u00e9poca estival la Naturaleza, que es muy sabia, produce una modificaci\u00f3n. Del esplendor pasa, sin apenas notarse, a cierto recogimiento y fase de espera o reflexi\u00f3n donde poder madurar, reconocer o asimilar lo que ocurri\u00f3 y lo que vamos a hacer. Es en este punto donde nos encontramos ahora, donde aquella melod\u00eda vuelve a sonar en nuestro cerebro, donde aquel paisaje cautivador resurge, donde aquel arroyo de transparentes y frescas aguas discurre salpicando dentro de nuestro ser, donde las olas, el azul del mar y del cielo y la brisa de nuevo nos envuelve, se repite ese perfume, esas estrellas&#8230;<br \/>\n<\/span><\/span><\/p>\n<p>&nbsp;<\/p>\n<p><span style=\"font-family: arial,helvetica,sans-serif; font-size: 14pt;\"><span style=\"font-size: 12pt; line-height: 15pt;\">Por desventura hay quienes no han podido disfrutar de esos d\u00edas de expansi\u00f3n. Fuerzas imperiosas los han retenido (el trabajo, la salud, etc.) A\u00fan as\u00ed quiz\u00e1s hayan tenido ocasi\u00f3n de saborear el embrujo de un paseo nocturno en solitario, visitar un museo o, simplemente, relajarse dejando volar la imaginaci\u00f3n en una de esas tan apreciadas terrazas tomando una refrescante bebida.<\/span><\/span><\/p>\n<p>&nbsp;<\/p>\n<p><span style=\"font-family: arial,helvetica,sans-serif; font-size: 14pt;\"><span style=\"font-size: 12pt; line-height: 15pt;\"><img decoding=\"async\" style=\"float: left;\" alt=\"\" src=\"http:\/\/personales.ya.com\/eldavo\/zanshin\/revista\/fzan52.jpg\" \/> Quienes ni siquiera hayan podido disfrutar de esto, desde aqu\u00ed todos nosotros, lectores y colaboradores de Zanshin, les mandamos un cari\u00f1oso y alentador saludo, con el deseo de que se cumpla para todos un tiempo de esparcimiento donde olvidar moment\u00e1neamente los problemas y poder retomarlos m\u00e1s adelante con otra visi\u00f3n. Esperemos que en un futuro pr\u00f3ximo todo se arregle, las tormentas amainen y dispongan de un tiempo de asueto. Os lo deseamos.<\/span><\/span><\/p>\n<p>&nbsp;<\/p>\n<p><span style=\"font-family: arial,helvetica,sans-serif; font-size: 14pt;\"><span style=\"font-size: 12pt; line-height: 15pt;\">La Naturaleza muta su energ\u00eda. Tray\u00e9ndonos los primeros destellos del oto\u00f1o y, para todos nosotros, una cierta melancol\u00eda del cercano pasado estival. Una nota rom\u00e1ntica acapara nuestro coraz\u00f3n, como si algo se hubiera perdido o se fuera a perder. Una carta, una postal, una llamada nos transporta al pasado reciente. Como subidos en una noria cuya cubeta nos transport\u00f3 hacia lo m\u00e1s alto, comenzamos ahora el descenso. No os entristezc\u00e1is. Este decaer no significa que se acaben los sue\u00f1os, las cosas agradables. La energ\u00eda que nos hizo expansionarnos e ir hacia el exterior nos invita ahora a florecer en el interior, a penetrar hacia nuestro Ser. La energ\u00eda Yang que predomin\u00f3 se transforma en energ\u00eda Yin. Nos llama a la meditaci\u00f3n, a sentirnos, a contabilizar lo que se hizo y lo que no, en definitiva, a conocernos. Es por esto que ahora tambi\u00e9n vivimos un momento de esplendor, s\u00ed; pero hacia el recogimiento, cuya m\u00e1xima manifestaci\u00f3n se har\u00e1 efectiva en invierno que, aunque queda lejos, se acerca inexorable, y lo sabemos. Simplemente la Naturaleza cambi\u00f3 la direcci\u00f3n de la energ\u00eda.<\/span><\/span><\/p>\n<p>&nbsp;<\/p>\n<p><span style=\"font-family: arial,helvetica,sans-serif; font-size: 14pt;\"><span style=\"font-size: 12pt; line-height: 15pt;\"><img decoding=\"async\" style=\"float: right;\" alt=\"\" src=\"http:\/\/personales.ya.com\/eldavo\/zanshin\/revista\/fzan53.jpg\" \/> Ahora es el momento de indagar, de buscar por los qu\u00e9s. \u00bfPor qu\u00e9 practico Artes Marciales? \u00bfAd\u00f3nde me llevan? \u00bfSigo un rumbo o no s\u00e9 ad\u00f3nde voy? \u00bfQu\u00e9 busco a todos los niveles, profesionalmente, en las Artes Marciales, en los estudios&#8230;? \u00bfQu\u00e9 meta voy a proponerme? \u00bfSeguir\u00e9 ciego o me atrever\u00e9 a abrir los ojos? \u00bfCu\u00e1l es la misi\u00f3n de las Artes Marciales? \u00bfEs acaso acabar con el enemigo? Si la respuesta fuese afirmativa, \u00bfd\u00f3nde se encuentra mi enemigo? Si tengo que luchar, \u00bfpor qu\u00e9 lo har\u00e9, por defender a la Humanidad, a la Naturaleza? \u00bfMi esfuerzo lo dedicar\u00e9 a defender los intereses codiciosos de alguien en particular? \u00bfCombatir\u00e9 por mantener mi estatus econ\u00f3mico y de poder? \u00bfSeguir\u00e9 siendo un ego\u00edsta en mi esfuerzo? \u00bfSeguir\u00e9 riendo las sosas bromas de los poderosos? \u00bfMe dejar\u00e9 domesticar nuevamente o ser\u00e9 yo por encima de todo?<br \/>\n<\/span><\/span><\/p>\n<p>&nbsp;<\/p>\n<p><span style=\"font-family: arial,helvetica,sans-serif; font-size: 14pt;\"><span style=\"font-size: 12pt; line-height: 15pt;\">Os conmino a que en estos comienzos de temporada, donde lleg\u00e1is frescos, tom\u00e9is rumbo al horizonte de lo Bueno, lo Justo, lo Verdadero, con alegr\u00eda y entusiasmo; haciendo realidad los sue\u00f1os e ideales que como humanos debemos tener y fomentar. Que nadie te tape la boca. Que nadie logre enmudecer tus sentimientos. Que nadie te robe tu dignidad, tu sensibilidad. Ten un sue\u00f1o, un ideal al que seguir y permanecer\u00e1s vivo. No seas un comparsa ni un t\u00edtere.<\/span><\/span><\/p>\n<p>&nbsp;<\/p>\n<p><span style=\"font-family: arial,helvetica,sans-serif; font-size: 14pt;\"><span style=\"font-size: 12pt; line-height: 15pt;\">As\u00ed pues yo os aliento a que teng\u00e1is una finalidad en vuestros entrenamientos, que se\u00e1is \u00abartistas\u00bb que practic\u00e1is \u00abArte\u00bb, que se\u00e1is creativos y comuniqu\u00e9is en vuestro Arte lo que cada uno es. Abandonad la idea \u00abzombi\u00bb, donde los alumnos entrenan sin conciencia, sin conocimiento, sin saber por qu\u00e9 ni para qu\u00e9, y lo peor, sin pregunt\u00e1rselo, simplemente trabajando como mucho su cuerpo. Ese camino no tiene salida. Sed \u00abdisc\u00edpulos\u00bb, \u00abpracticad\u00bb y \u00abdesarrollad\u00bb vuestro Ser. Sed libres. Abandonad la mediocridad. Por encima de cualquier otra cosa buscad el camino y andad hacia adelante, siempre adelante, siempre hacia arriba.<\/span><\/span><\/p>\n<p>&nbsp;<\/p>\n<p><span style=\"font-family: arial,helvetica,sans-serif; font-size: 14pt;\"><span style=\"font-size: 12pt; line-height: 15pt;\">En este volver a empezar de cada a\u00f1o, os invitamos a conseguir la mejor meta y a realizar el m\u00e1s fascinante de los viajes: Una expedici\u00f3n hacia nuestro interior, en busca de nuestra verdadera identidad.<br \/>\n<\/span><\/span><\/p>\n","protected":false},"excerpt":{"rendered":"<p>&nbsp; Por Juan Antonio Quir\u00f3s Mart\u00ednez PASADO RECIENTE RUMBO FUTURO Tras las vacaciones y los d\u00edas de m\u00e1xima temperatura que trajeron los meses de Julio &hellip;<\/p>\n","protected":false},"author":18,"featured_media":0,"comment_status":"closed","ping_status":"closed","sticky":false,"template":"","format":"standard","meta":{"footnotes":""},"categories":[12],"tags":[],"class_list":["post-385","post","type-post","status-publish","format-standard","hentry","category-articulos"],"jetpack_featured_media_url":"","yoast_head":"<!-- This site is optimized with the Yoast SEO plugin v15.2.1 - https:\/\/yoast.com\/wordpress\/plugins\/seo\/ -->\n<title>Pasado reciente rumbo futuro - ZANSHIN<\/title>\n<meta name=\"robots\" content=\"index, follow, max-snippet:-1, max-image-preview:large, max-video-preview:-1\" \/>\n<link rel=\"canonical\" href=\"https:\/\/zanshin.es\/?p=385\" \/>\n<meta property=\"og:locale\" content=\"es_ES\" \/>\n<meta property=\"og:type\" content=\"article\" \/>\n<meta property=\"og:title\" content=\"Pasado reciente rumbo futuro - ZANSHIN\" \/>\n<meta property=\"og:description\" content=\"&nbsp; Por Juan Antonio Quir\u00f3s Mart\u00ednez PASADO RECIENTE RUMBO FUTURO Tras las vacaciones y los d\u00edas de m\u00e1xima temperatura que trajeron los meses de Julio &hellip;\" \/>\n<meta property=\"og:url\" content=\"https:\/\/zanshin.es\/?p=385\" \/>\n<meta property=\"og:site_name\" content=\"ZANSHIN\" \/>\n<meta property=\"article:published_time\" content=\"2013-06-18T06:00:00+00:00\" \/>\n<meta property=\"article:modified_time\" content=\"2020-12-27T19:20:43+00:00\" \/>\n<meta property=\"og:image\" content=\"http:\/\/personales.ya.com\/eldavo\/zanshin\/revista\/fzan50.jpg\" \/>\n<meta name=\"twitter:card\" content=\"summary_large_image\" \/>\n<meta name=\"twitter:label1\" content=\"Escrito por\">\n\t<meta name=\"twitter:data1\" content=\"David Sanz\">\n\t<meta name=\"twitter:label2\" content=\"Tiempo de lectura\">\n\t<meta name=\"twitter:data2\" content=\"4 minutos\">\n<script type=\"application\/ld+json\" class=\"yoast-schema-graph\">{\"@context\":\"https:\/\/schema.org\",\"@graph\":[{\"@type\":\"WebSite\",\"@id\":\"https:\/\/zanshin.es\/#website\",\"url\":\"https:\/\/zanshin.es\/\",\"name\":\"ZANSHIN\",\"description\":\"KARATE DO - J. A. Quir\\u00f3s\",\"potentialAction\":[{\"@type\":\"SearchAction\",\"target\":\"https:\/\/zanshin.es\/?s={search_term_string}\",\"query-input\":\"required name=search_term_string\"}],\"inLanguage\":\"es\"},{\"@type\":\"ImageObject\",\"@id\":\"https:\/\/zanshin.es\/?p=385#primaryimage\",\"inLanguage\":\"es\",\"url\":\"http:\/\/personales.ya.com\/eldavo\/zanshin\/revista\/fzan50.jpg\"},{\"@type\":\"WebPage\",\"@id\":\"https:\/\/zanshin.es\/?p=385#webpage\",\"url\":\"https:\/\/zanshin.es\/?p=385\",\"name\":\"Pasado reciente rumbo futuro - ZANSHIN\",\"isPartOf\":{\"@id\":\"https:\/\/zanshin.es\/#website\"},\"primaryImageOfPage\":{\"@id\":\"https:\/\/zanshin.es\/?p=385#primaryimage\"},\"datePublished\":\"2013-06-18T06:00:00+00:00\",\"dateModified\":\"2020-12-27T19:20:43+00:00\",\"author\":{\"@id\":\"https:\/\/zanshin.es\/#\/schema\/person\/f876088c281b7d28e3cb65f3d4875d2d\"},\"inLanguage\":\"es\",\"potentialAction\":[{\"@type\":\"ReadAction\",\"target\":[\"https:\/\/zanshin.es\/?p=385\"]}]},{\"@type\":\"Person\",\"@id\":\"https:\/\/zanshin.es\/#\/schema\/person\/f876088c281b7d28e3cb65f3d4875d2d\",\"name\":\"David Sanz\",\"image\":{\"@type\":\"ImageObject\",\"@id\":\"https:\/\/zanshin.es\/#personlogo\",\"inLanguage\":\"es\",\"url\":\"https:\/\/secure.gravatar.com\/avatar\/7dcde7f67bb47ca252fb40770fcb63c5a30989b60fe61e75735d48f698c03468?s=96&d=mm&r=g\",\"caption\":\"David Sanz\"}}]}<\/script>\n<!-- \/ Yoast SEO plugin. -->","_links":{"self":[{"href":"https:\/\/zanshin.es\/index.php?rest_route=\/wp\/v2\/posts\/385","targetHints":{"allow":["GET"]}}],"collection":[{"href":"https:\/\/zanshin.es\/index.php?rest_route=\/wp\/v2\/posts"}],"about":[{"href":"https:\/\/zanshin.es\/index.php?rest_route=\/wp\/v2\/types\/post"}],"author":[{"embeddable":true,"href":"https:\/\/zanshin.es\/index.php?rest_route=\/wp\/v2\/users\/18"}],"replies":[{"embeddable":true,"href":"https:\/\/zanshin.es\/index.php?rest_route=%2Fwp%2Fv2%2Fcomments&post=385"}],"version-history":[{"count":1,"href":"https:\/\/zanshin.es\/index.php?rest_route=\/wp\/v2\/posts\/385\/revisions"}],"predecessor-version":[{"id":493,"href":"https:\/\/zanshin.es\/index.php?rest_route=\/wp\/v2\/posts\/385\/revisions\/493"}],"wp:attachment":[{"href":"https:\/\/zanshin.es\/index.php?rest_route=%2Fwp%2Fv2%2Fmedia&parent=385"}],"wp:term":[{"taxonomy":"category","embeddable":true,"href":"https:\/\/zanshin.es\/index.php?rest_route=%2Fwp%2Fv2%2Fcategories&post=385"},{"taxonomy":"post_tag","embeddable":true,"href":"https:\/\/zanshin.es\/index.php?rest_route=%2Fwp%2Fv2%2Ftags&post=385"}],"curies":[{"name":"wp","href":"https:\/\/api.w.org\/{rel}","templated":true}]}}